{"id":1471,"date":"2025-01-29T13:04:59","date_gmt":"2025-01-29T12:04:59","guid":{"rendered":"https:\/\/www.natation.asp86.fr\/?p=1471"},"modified":"2025-02-06T19:24:41","modified_gmt":"2025-02-06T18:24:41","slug":"modifications-et-annulations-de-cours-ganterie-samedi-1er-fevrier","status":"publish","type":"post","link":"https:\/\/www.natation.asp86.fr\/index.php\/2025\/01\/29\/modifications-et-annulations-de-cours-ganterie-samedi-1er-fevrier\/","title":{"rendered":"Modifications et annulations Ganterie &#8211; Samedi 1er et dimanche 2 f\u00e9vrier"},"content":{"rendered":"\t\t<div data-elementor-type=\"wp-post\" data-elementor-id=\"1471\" class=\"elementor elementor-1471\">\n\t\t\t\t<div class=\"elementor-element elementor-element-3fb00d5 e-flex e-con-boxed e-con e-parent\" data-id=\"3fb00d5\" data-element_type=\"container\" data-e-type=\"container\">\n\t\t\t\t\t<div class=\"e-con-inner\">\n\t\t\t\t<div class=\"elementor-element elementor-element-2ecc265 elementor-widget elementor-widget-heading\" data-id=\"2ecc265\" data-element_type=\"widget\" data-e-type=\"widget\" data-widget_type=\"heading.default\">\n\t\t\t\t<div class=\"elementor-widget-container\">\n\t\t\t\t\t<h2 class=\"elementor-heading-title elementor-size-default\"><br>Modifications et annulations Ganterie - Samedi 1er et dimanche 2 f\u00e9vrier<\/h2>\t\t\t\t<\/div>\n\t\t\t\t<\/div>\n\t\t\t\t\t<\/div>\n\t\t\t\t<\/div>\n\t\t<div class=\"elementor-element elementor-element-6165dea e-con-full e-flex e-con e-parent\" data-id=\"6165dea\" data-element_type=\"container\" data-e-type=\"container\">\n\t\t\t\t<div class=\"elementor-element elementor-element-9be6400 elementor-widget elementor-widget-text-editor\" data-id=\"9be6400\" data-element_type=\"widget\" data-e-type=\"widget\" data-widget_type=\"text-editor.default\">\n\t\t\t\t<div class=\"elementor-widget-container\">\n\t\t\t\t\t\t\t\t\t<p>En raison de l&rsquo;organisation d&rsquo;une comp\u00e9tition de sauvetage \u00e0 la piscine de la Ganterie le samedi 1er et dimanche 2 f\u00e9vrier les cours s&rsquo;y d\u00e9roulant rencontreront des modifications ou annulations.<\/p><h6><em><span style=\"text-decoration: underline;\"><strong>Annulations :<\/strong><\/span><\/em><\/h6><h6><em><span style=\"text-decoration: underline;\"><strong>\u00a0<\/strong><\/span><\/em><\/h6><ul><li><strong>Ecole de l&rsquo;eau :<\/strong><\/li><\/ul><p>Les s\u00e9ances des groupes canetons 1, 2 et 3 ne pourront donc avoir lieu ce samedi 1er\u00a0<\/p><p><span style=\"font-style: inherit; font-weight: inherit; color: var( --e-global-color-text ); font-family: var( --e-global-typography-text-font-family ), Sans-serif; text-align: var(--text-align); background-color: var(--ast-global-color-5);\">En compensation, nous proposons aux enfants qui le pourraient de venir \u00e0 un cours du mercredi.<\/span><\/p><ul><li style=\"list-style-type: none;\"><ul><li><strong>Canetons 1 :\u00a0<\/strong><ul><li>Mercredi 29 janvier 13h \/ 13h45<\/li><li>Mercredi 5 f\u00e9vrier 13h \/ 13h45<\/li><li>Mercredi 12 f\u00e9vrier 13h \/ 13h45<\/li><\/ul><\/li><li><strong>Canetons 2 :<\/strong><ul><li>Mercredi 29 janvier 14h \/ 14h45<\/li><li>Mercredi 5 f\u00e9vrier 14h \/ 14h45<\/li><li>Mercredi 12 f\u00e9vrier 14h \/ 14h45<\/li><\/ul><\/li><li><strong>Canetons 3 :<\/strong><ul><li>Mercredi 29 janvier 13h \/ 13h45 ou 14h \/ 14h45<\/li><li>Mercredi 5 f\u00e9vrier 13h \/ 13h45 ou 14h \/ 14h45<\/li><li>Mercredi 12 f\u00e9vrier 13h \/ 13h45 ou 14h \/ 14h45<\/li><\/ul><\/li><\/ul><\/li><\/ul><ul><li><strong>Natation Adultes :<\/strong><\/li><\/ul><div>Les cours suivants sont annul\u00e9s :<\/div><ul><li style=\"list-style-type: none;\"><ul><li>Samedi 1er f\u00e9vrier : 12h \/ 13h &#8211; Bassin de 25m<\/li><li>Dimanche 2 f\u00e9vrier\u00a0 : 9h \/ 10h &#8211; Bassin nordique<\/li><\/ul><\/li><\/ul><h6><em><span style=\"text-decoration: underline;\"><strong>Modifications :<\/strong><\/span><\/em><\/h6><ul><li><strong>Ecole de natation (Bassin de 25m) :<\/strong><ul><li><strong>D\u00e9butants 1 et 2 : 13h \/ 13h45\u00a0 et 14h \/ 14h45<\/strong>\u00a0&#8211; Les cours sont maintenus aux horaires habituels mais auront lieu dans le bassin nordique.<\/li><li><strong>Perf 1 et 2 : 13h \/ 14h et 14h \/ 15h<\/strong>\u00a0&#8211; Les cours sont maintenus aux horaires habituels mais auront lieu dans le bassin nordique.<\/li><li><strong>Perf 3 :\u00a015h \/ 16h\u00a0<\/strong>&#8211; Le cours est avanc\u00e9 d&rsquo;1h et aura lieu de<strong>\u00a014h \u00e0 15h<\/strong>\u00a0dans le bassin nordique.<\/li><li><strong>Perf 4 : 16h \/ 17h30<\/strong>\u00a0&#8211; Aucune modification de ce cr\u00e9neau.<\/li><\/ul><\/li><\/ul><p>Pour rappel le bassin nordique est plus chaud que les bassins int\u00e9rieur et l&rsquo;acc\u00e8s \u00e0 celui-ci se fait par un court passage ext\u00e9rieur de 5m.<\/p><ul><li><strong>Groupes comp\u00e9tition :<\/strong><\/li><\/ul><p>Les cr\u00e9neaux sont maintenus \u00e0 leurs horaires et lieux habituels.\u00a0<\/p>\t\t\t\t\t\t\t\t<\/div>\n\t\t\t\t<\/div>\n\t\t\t\t<\/div>\n\t\t\t\t<\/div>\n\t\t","protected":false},"excerpt":{"rendered":"<p>Modifications et annulations Ganterie &#8211; Samedi 1er et dimanche 2 f\u00e9vrier En raison de l&rsquo;organisation d&rsquo;une comp\u00e9tition de sauvetage \u00e0 [&hellip;]<\/p>\n","protected":false},"author":1,"featured_media":1470,"comment_status":"open","ping_status":"open","sticky":false,"template":"","format":"standard","meta":{"site-sidebar-layout":"default","site-content-layout":"","ast-site-content-layout":"","site-content-style":"default","site-sidebar-style":"default","ast-global-header-display":"","ast-banner-title-visibility":"","ast-main-header-display":"","ast-hfb-above-header-display":"","ast-hfb-below-header-display":"","ast-hfb-mobile-header-display":"","site-post-title":"","ast-breadcrumbs-content":"","ast-featured-img":"","footer-sml-layout":"","theme-transparent-header-meta":"","adv-header-id-meta":"","stick-header-meta":"","header-above-stick-meta":"","header-main-stick-meta":"","header-below-stick-meta":"","astra-migrate-meta-layouts":"default","ast-page-background-enabled":"default","ast-page-background-meta":{"desktop":{"background-color":"var(--ast-global-color-4)","background-image":"","background-repeat":"repeat","background-position":"center center","background-size":"auto","background-attachment":"scroll","background-type":"","background-media":"","overlay-type":"","overlay-color":"","overlay-gradient":""},"tablet":{"background-color":"","background-image":"","background-repeat":"repeat","background-position":"center center","background-size":"auto","background-attachment":"scroll","background-type":"","background-media":"","overlay-type":"","overlay-color":"","overlay-gradient":""},"mobile":{"background-color":"","background-image":"","background-repeat":"repeat","background-position":"center center","background-size":"auto","background-attachment":"scroll","background-type":"","background-media":"","overlay-type":"","overlay-color":"","overlay-gradient":""}},"ast-content-background-meta":{"desktop":{"background-color":"var(--ast-global-color-5)","background-image":"","background-repeat":"repeat","background-position":"center center","background-size":"auto","background-attachment":"scroll","background-type":"","background-media":"","overlay-type":"","overlay-color":"","overlay-gradient":""},"tablet":{"background-color":"var(--ast-global-color-5)","background-image":"","background-repeat":"repeat","background-position":"center center","background-size":"auto","background-attachment":"scroll","background-type":"","background-media":"","overlay-type":"","overlay-color":"","overlay-gradient":""},"mobile":{"background-color":"var(--ast-global-color-5)","background-image":"","background-repeat":"repeat","background-position":"center center","background-size":"auto","background-attachment":"scroll","background-type":"","background-media":"","overlay-type":"","overlay-color":"","overlay-gradient":""}},"footnotes":""},"categories":[8,7],"tags":[],"class_list":["post-1471","post","type-post","status-publish","format-standard","has-post-thumbnail","hentry","category-a-la-une","category-actulites"],"_links":{"self":[{"href":"https:\/\/www.natation.asp86.fr\/index.php\/wp-json\/wp\/v2\/posts\/1471","targetHints":{"allow":["GET"]}}],"collection":[{"href":"https:\/\/www.natation.asp86.fr\/index.php\/wp-json\/wp\/v2\/posts"}],"about":[{"href":"https:\/\/www.natation.asp86.fr\/index.php\/wp-json\/wp\/v2\/types\/post"}],"author":[{"embeddable":true,"href":"https:\/\/www.natation.asp86.fr\/index.php\/wp-json\/wp\/v2\/users\/1"}],"replies":[{"embeddable":true,"href":"https:\/\/www.natation.asp86.fr\/index.php\/wp-json\/wp\/v2\/comments?post=1471"}],"version-history":[{"count":14,"href":"https:\/\/www.natation.asp86.fr\/index.php\/wp-json\/wp\/v2\/posts\/1471\/revisions"}],"predecessor-version":[{"id":1485,"href":"https:\/\/www.natation.asp86.fr\/index.php\/wp-json\/wp\/v2\/posts\/1471\/revisions\/1485"}],"wp:featuredmedia":[{"embeddable":true,"href":"https:\/\/www.natation.asp86.fr\/index.php\/wp-json\/wp\/v2\/media\/1470"}],"wp:attachment":[{"href":"https:\/\/www.natation.asp86.fr\/index.php\/wp-json\/wp\/v2\/media?parent=1471"}],"wp:term":[{"taxonomy":"category","embeddable":true,"href":"https:\/\/www.natation.asp86.fr\/index.php\/wp-json\/wp\/v2\/categories?post=1471"},{"taxonomy":"post_tag","embeddable":true,"href":"https:\/\/www.natation.asp86.fr\/index.php\/wp-json\/wp\/v2\/tags?post=1471"}],"curies":[{"name":"wp","href":"https:\/\/api.w.org\/{rel}","templated":true}]}}