{"id":1936,"date":"2025-10-21T12:11:28","date_gmt":"2025-10-21T10:11:28","guid":{"rendered":"https:\/\/www.natation.asp86.fr\/?p=1936"},"modified":"2025-10-21T12:26:57","modified_gmt":"2025-10-21T10:26:57","slug":"infos-adherents-vacances-de-la-toussaint","status":"publish","type":"post","link":"https:\/\/www.natation.asp86.fr\/index.php\/2025\/10\/21\/infos-adherents-vacances-de-la-toussaint\/","title":{"rendered":"Infos Adh\u00e9rents &#8211; Vacances de la Toussaint"},"content":{"rendered":"\t\t<div data-elementor-type=\"wp-post\" data-elementor-id=\"1936\" class=\"elementor elementor-1936\">\n\t\t\t\t<div class=\"elementor-element elementor-element-669b2ff1 e-flex e-con-boxed e-con e-parent\" data-id=\"669b2ff1\" data-element_type=\"container\" data-e-type=\"container\">\n\t\t\t\t\t<div class=\"e-con-inner\">\n\t\t\t\t<div class=\"elementor-element elementor-element-4c055f49 elementor-widget elementor-widget-text-editor\" data-id=\"4c055f49\" data-element_type=\"widget\" data-e-type=\"widget\" data-widget_type=\"text-editor.default\">\n\t\t\t\t<div class=\"elementor-widget-container\">\n\t\t\t\t\t\t\t\t\t<h1 style=\"text-align: center;\"><span style=\"font-style: inherit; font-weight: inherit;\">Infos adh\u00e9rents &#8211; Vacances de la Toussaint<\/span><\/h1>\n<p><span style=\"font-style: inherit; font-weight: inherit;\">\u00a0<\/span><\/p>\n<p><span style=\"font-style: inherit; font-weight: inherit;\">V<span style=\"color: #000000;\">ous trouverez ci-dessous l&rsquo;ensemble des informations n\u00e9cessaires pendant les vacances de la Toussaint 2025.<\/span><\/span><\/p>\n<p><span style=\"color: #000000;\"><!-- \/wp:paragraph --><!-- wp:heading --><\/span><\/p>\n<h2>\u00a0<\/h2>\n<h2 class=\"wp-block-heading\" style=\"text-align: center;\"><span style=\"color: #993300;\">Aquagym<\/span><\/h2>\n<p>\u00a0<\/p>\n<p><span style=\"color: #000000;\"><!-- \/wp:heading --><!-- wp:list --><\/span><\/p>\n<ul class=\"wp-block-list\">\n<li style=\"list-style-type: none;\">\n<ul class=\"wp-block-list\"><!-- wp:list-item --><\/ul>\n<\/li>\n<\/ul>\n<p>\u00a0<\/p>\n<ul class=\"wp-block-list\">\n<li style=\"list-style-type: none;\">\n<ul class=\"wp-block-list\">\n<li><span style=\"color: #000000;\"><em><strong>Ganterie \/ Bellejouanne :<\/strong><\/em><\/span><\/li>\n<\/ul>\n<\/li>\n<\/ul>\n<p><span style=\"color: #000000;\"><!-- \/wp:list-item --><\/span><\/p>\n<p><span style=\"color: #000000;\"><!-- \/wp:list --><!-- wp:paragraph --><\/span><\/p>\n<p><span style=\"color: #000000;\">L&rsquo;ensemble des cours sur ces deux piscines est maintenu aux horaires habituels.\u00a0<\/span><\/p>\n<p><span style=\"color: #000000;\"><!-- \/wp:paragraph --><!-- wp:list --><\/span><\/p>\n<ul class=\"wp-block-list\">\n<li style=\"list-style-type: none;\">\n<ul class=\"wp-block-list\"><!-- wp:list-item --><\/ul>\n<\/li>\n<\/ul>\n<p>\u00a0<\/p>\n<ul class=\"wp-block-list\">\n<li style=\"list-style-type: none;\">\n<ul class=\"wp-block-list\">\n<li><span style=\"color: #000000;\"><em><strong>Blaiserie :<\/strong><\/em><\/span><\/li>\n<\/ul>\n<\/li>\n<\/ul>\n<p><span style=\"color: #000000;\"><!-- \/wp:list-item --><\/span><\/p>\n<p><span style=\"color: #000000;\"><!-- \/wp:list --><!-- wp:paragraph --><\/span><\/p>\n<p><span style=\"color: #000000;\">Les cours sont annul\u00e9s pendant les 2 semaines de vacances en raison de la vidange et du nettoyage de la piscine.<\/span><\/p>\n<ul>\n<li style=\"list-style-type: none;\">\n<ul>\n<li><span style=\"color: #000000;\"><strong style=\"font-size: 16px;\">Dernier cours le vendredi 17 octobre<\/strong><\/span><\/li>\n<li><span style=\"color: #000000;\"><strong>Reprise \u00e0 compter du lundi 3 novembre<\/strong><\/span><\/li>\n<\/ul>\n<\/li>\n<\/ul>\n<ul class=\"wp-block-list\"><!-- \/wp:list-item --><!-- wp:list-item --><!-- \/wp:list-item --><\/ul>\n<p><span style=\"color: #000000;\"><!-- \/wp:list --><!-- wp:paragraph --><\/span><\/p>\n<p><span style=\"color: #000000;\">A noter que les autres piscines seront elles aussi affect\u00e9es par une fermeture pour vidange et nettoyage \u00e0 un autre moment de la saison.\u00a0<\/span><\/p>\n<p><span style=\"color: #000000;\"><!-- \/wp:paragraph --><!-- wp:list --><\/span><\/p>\n<ul class=\"wp-block-list\">\n<li style=\"list-style-type: none;\">\n<ul class=\"wp-block-list\"><!-- wp:list-item --><\/ul>\n<\/li>\n<\/ul>\n<p>\u00a0<\/p>\n<ul class=\"wp-block-list\">\n<li style=\"list-style-type: none;\">\n<ul class=\"wp-block-list\">\n<li><span style=\"color: #000000;\"><strong><em>Pont Achard (Jo\u00ebl Potreau) :<\/em><\/strong><\/span><\/li>\n<\/ul>\n<\/li>\n<\/ul>\n<p><span style=\"color: #000000;\"><!-- \/wp:list-item --><\/span><\/p>\n<p><span style=\"color: #000000;\"><!-- \/wp:list --><!-- wp:paragraph --><\/span><\/p>\n<p><span style=\"color: #000000;\">Les cours sont maintenus \u00e0 la piscine de Pont Achard pendant les vacances scolaires \u00e0 l&rsquo;exception du samedi 1<sup>er<\/sup>\u00a0novembre (f\u00e9ri\u00e9).<\/span><\/p>\n<p>\u00a0<\/p>\n<h2 style=\"text-align: center;\"><span style=\"color: #993300;\">Natation Adultes<\/span><\/h2>\n<p>\u00a0<\/p>\n<ul>\n<li><span style=\"color: #000000;\"><em><strong>Ganterie :<\/strong><\/em><\/span><\/li>\n<\/ul>\n<p><span style=\"color: #000000;\">Les cours sont maintenus aux horaires habituels pendant les deux semaines \u00e0 l&rsquo;exception du\u00a0<strong>samedi 1<sup>er\u00a0<\/sup>novembre 12h \/ 13h (f\u00e9ri\u00e9).<\/strong><\/span><\/p>\n<ul>\n<li><span style=\"color: #000000;\"><em><strong>Blaiserie :<\/strong><\/em><\/span><\/li>\n<\/ul>\n<p><span style=\"color: #000000;\">En raison de la vidange et du nettoyage de la piscine, les cours sont annul\u00e9s pendant les 2 semaines de vacances.\u00a0<\/span><\/p>\n<ul>\n<li style=\"list-style-type: none;\">\n<ul>\n<li><span style=\"color: #000000;\"><strong>Dernier cours le jeudi 16 octobre<\/strong><\/span><\/li>\n<li><span style=\"color: #000000;\"><strong>Reprise \u00e0 compter du mardi 3 novembre<\/strong><\/span><\/li>\n<\/ul>\n<\/li>\n<\/ul>\n<p><span style=\"color: #000000;\">A noter que les autres \u00e9tablissements seront eux aussi ferm\u00e9s pour vidange et nettoyage \u00e0 un autre moment de la saison.<\/span><\/p>\n<ul>\n<li><span style=\"color: #000000;\"><strong><em>Pont Achard (r\u00e9serv\u00e9 Orange) :<\/em><\/strong><\/span><\/li>\n<\/ul>\n<p><span style=\"color: #000000;\">L&rsquo;ensemble des cours est maintenu dans cet \u00e9tablissement pendant ces vacances.<\/span><\/p>\n<p>\u00a0<\/p>\n<h2 style=\"text-align: center;\"><span style=\"color: #993300;\">Ecole de l&rsquo;eau \/ Ecole de natation<\/span><\/h2>\n<p>\u00a0<\/p>\n<ul>\n<li>\n<p><span style=\"color: #000000;\"><em><strong>Ganterie \/ Blaiserie \/ Bellejouanne :<\/strong><\/em><\/span><\/p>\n<ul>\n<li><span style=\"color: #000000;\"><strong>Derniers cours le samedi 18 octobre<\/strong><\/span><\/li>\n<li><span style=\"color: #000000;\"><strong>Pas de cours du lundi 20 octobre au dimanche 2 novembre.<\/strong><\/span><\/li>\n<li><span style=\"color: #000000;\"><strong>Reprise des activit\u00e9s \u00e0 compter du lundi 3 novembre.<\/strong><\/span><\/li>\n<\/ul>\n<\/li>\n<\/ul>\n<h2 style=\"text-align: center;\"><span style=\"color: #993300;\">Aquaphobie<\/span><\/h2>\n<p>\u00a0<\/p>\n<p><span style=\"color: #000000;\">La piscine de la Blaiserie sera ferm\u00e9e pour vidange et nettoyage pendant les 2 semaines de vacances.\u00a0<\/span><\/p>\n<ul>\n<li><span style=\"color: #000000;\"><strong>Derniers cours le samedi 18 octobre<\/strong><\/span><\/li>\n<li><span style=\"color: #000000;\"><strong>Reprise \u00e0 compter du samedi 8 novembre<\/strong><\/span><\/li>\n<\/ul>\n<p><span style=\"color: #000000;\">Nous ne pouvons trouver de solution compensatoire pendant ces vacances, toutefois, pour les vacances d&rsquo;hiver et de P\u00e2ques nous t\u00e2cherons de trouver des cr\u00e9neaux pour vous permettre de continuer de pratiquer pendant les p\u00e9riodes de vacances scolaires.\u00a0<\/span><\/p>\n<p>\u00a0<\/p>\n<h2 style=\"text-align: center;\"><span style=\"color: #993300;\">Handi Natation<\/span><\/h2>\n<p>\u00a0<\/p>\n<ul>\n<li>\n<p><span style=\"color: #000000;\"><em><strong>Handi natation enfants :<\/strong><\/em><\/span><\/p>\n<ul>\n<li><span style=\"color: #000000;\">Derniers cours le samedi 18 octobre.<\/span><\/li>\n<li><span style=\"color: #000000;\">Pas de cours pendant les vacances scolaires.<\/span><\/li>\n<li><span style=\"color: #000000;\">Reprise \u00e0 compter du samedi 8 novembre.<\/span><\/li>\n<\/ul>\n<\/li>\n<\/ul>\n<ul>\n<li>\n<p><span style=\"color: #000000;\"><em><strong>Handi natation adultes :<\/strong><\/em><\/span><\/p>\n<ul>\n<li><span style=\"color: #000000;\">Les cours sont maintenus les vendredis 24 et 31 octobre.<\/span><\/li>\n<\/ul>\n<\/li>\n<\/ul>\n<h2 style=\"text-align: center;\"><span style=\"color: #993300;\">Nagez Forme Sant\u00e9<\/span><\/h2>\n<p>\u00a0<\/p>\n<p>Merci de vous rapprocher de Camille pour conna\u00eetre les horaires de l&rsquo;activit\u00e9 pendant les vacances de la Toussaint.<\/p>\n<p>\u00a0<\/p>\n<h2 style=\"text-align: center;\"><span style=\"color: #993300;\">Comp\u00e9tition<\/span><\/h2>\n<p>\u00a0<\/p>\n<p><span style=\"color: #000000;\">Merci de vous fiez au mail envoy\u00e9 avant les vacances comprenant l&rsquo;ensemble des horaires pendant les vacances de la Toussaint ou de vous rapprocher des entra\u00eeneurs qui pourront vous communiquer les horaires.\u00a0<\/span><\/p>\n<p>\u00a0<\/p>\n<p><!-- \/wp:paragraph --><\/p>\t\t\t\t\t\t\t\t<\/div>\n\t\t\t\t<\/div>\n\t\t\t\t\t<\/div>\n\t\t\t\t<\/div>\n\t\t\t\t<\/div>\n\t\t","protected":false},"excerpt":{"rendered":"<p>Infos adh\u00e9rents &#8211; Vacances de la Toussaint \u00a0 Vous trouverez ci-dessous l&rsquo;ensemble des informations n\u00e9cessaires pendant les vacances de la [&hellip;]<\/p>\n","protected":false},"author":1,"featured_media":1470,"comment_status":"open","ping_status":"open","sticky":false,"template":"","format":"standard","meta":{"site-sidebar-layout":"default","site-content-layout":"","ast-site-content-layout":"","site-content-style":"default","site-sidebar-style":"default","ast-global-header-display":"","ast-banner-title-visibility":"","ast-main-header-display":"","ast-hfb-above-header-display":"","ast-hfb-below-header-display":"","ast-hfb-mobile-header-display":"","site-post-title":"","ast-breadcrumbs-content":"","ast-featured-img":"","footer-sml-layout":"","theme-transparent-header-meta":"","adv-header-id-meta":"","stick-header-meta":"","header-above-stick-meta":"","header-main-stick-meta":"","header-below-stick-meta":"","astra-migrate-meta-layouts":"default","ast-page-background-enabled":"default","ast-page-background-meta":{"desktop":{"background-color":"var(--ast-global-color-4)","background-image":"","background-repeat":"repeat","background-position":"center center","background-size":"auto","background-attachment":"scroll","background-type":"","background-media":"","overlay-type":"","overlay-color":"","overlay-gradient":""},"tablet":{"background-color":"","background-image":"","background-repeat":"repeat","background-position":"center center","background-size":"auto","background-attachment":"scroll","background-type":"","background-media":"","overlay-type":"","overlay-color":"","overlay-gradient":""},"mobile":{"background-color":"","background-image":"","background-repeat":"repeat","background-position":"center center","background-size":"auto","background-attachment":"scroll","background-type":"","background-media":"","overlay-type":"","overlay-color":"","overlay-gradient":""}},"ast-content-background-meta":{"desktop":{"background-color":"var(--ast-global-color-5)","background-image":"","background-repeat":"repeat","background-position":"center center","background-size":"auto","background-attachment":"scroll","background-type":"","background-media":"","overlay-type":"","overlay-color":"","overlay-gradient":""},"tablet":{"background-color":"var(--ast-global-color-5)","background-image":"","background-repeat":"repeat","background-position":"center center","background-size":"auto","background-attachment":"scroll","background-type":"","background-media":"","overlay-type":"","overlay-color":"","overlay-gradient":""},"mobile":{"background-color":"var(--ast-global-color-5)","background-image":"","background-repeat":"repeat","background-position":"center center","background-size":"auto","background-attachment":"scroll","background-type":"","background-media":"","overlay-type":"","overlay-color":"","overlay-gradient":""}},"footnotes":""},"categories":[1],"tags":[],"class_list":["post-1936","post","type-post","status-publish","format-standard","has-post-thumbnail","hentry","category-non-classe"],"_links":{"self":[{"href":"https:\/\/www.natation.asp86.fr\/index.php\/wp-json\/wp\/v2\/posts\/1936","targetHints":{"allow":["GET"]}}],"collection":[{"href":"https:\/\/www.natation.asp86.fr\/index.php\/wp-json\/wp\/v2\/posts"}],"about":[{"href":"https:\/\/www.natation.asp86.fr\/index.php\/wp-json\/wp\/v2\/types\/post"}],"author":[{"embeddable":true,"href":"https:\/\/www.natation.asp86.fr\/index.php\/wp-json\/wp\/v2\/users\/1"}],"replies":[{"embeddable":true,"href":"https:\/\/www.natation.asp86.fr\/index.php\/wp-json\/wp\/v2\/comments?post=1936"}],"version-history":[{"count":14,"href":"https:\/\/www.natation.asp86.fr\/index.php\/wp-json\/wp\/v2\/posts\/1936\/revisions"}],"predecessor-version":[{"id":2012,"href":"https:\/\/www.natation.asp86.fr\/index.php\/wp-json\/wp\/v2\/posts\/1936\/revisions\/2012"}],"wp:featuredmedia":[{"embeddable":true,"href":"https:\/\/www.natation.asp86.fr\/index.php\/wp-json\/wp\/v2\/media\/1470"}],"wp:attachment":[{"href":"https:\/\/www.natation.asp86.fr\/index.php\/wp-json\/wp\/v2\/media?parent=1936"}],"wp:term":[{"taxonomy":"category","embeddable":true,"href":"https:\/\/www.natation.asp86.fr\/index.php\/wp-json\/wp\/v2\/categories?post=1936"},{"taxonomy":"post_tag","embeddable":true,"href":"https:\/\/www.natation.asp86.fr\/index.php\/wp-json\/wp\/v2\/tags?post=1936"}],"curies":[{"name":"wp","href":"https:\/\/api.w.org\/{rel}","templated":true}]}}